{"id":7921,"date":"2025-08-28T19:14:55","date_gmt":"2025-08-28T17:14:55","guid":{"rendered":"https:\/\/constoronto.esteri.it\/?p=7921"},"modified":"2025-08-28T19:14:55","modified_gmt":"2025-08-28T17:14:55","slug":"sospensione-del-servizio-di-centralino-venerdi-29-agosto-2025","status":"publish","type":"post","link":"https:\/\/constoronto.esteri.it\/it\/news\/dal_consolato\/2025\/08\/sospensione-del-servizio-di-centralino-venerdi-29-agosto-2025\/","title":{"rendered":"Sospensione del servizio di centralino, venerd\u00ec 29 agosto 2025"},"content":{"rendered":"<p>S&#8217;informano gli utenti che, per motivi tecnici, <strong>il servizio di centralino sar\u00e0 sospeso questo venerd\u00ec 29 agosto<\/strong>.<br \/>\nIl servizio riprender\u00e0 regolarmente il 2 settembre (luned\u00ec 1 settembre gli Uffici saranno chiusi in occasione del Labour Day).<\/p>\n<p>Ci scusiamo per il disagio.<\/p>\n","protected":false},"excerpt":{"rendered":"S&#8217;informano gli utenti che, per motivi tecnici, il servizio di centralino sar\u00e0 sospeso questo venerd\u00ec 29 agosto. Il servizio riprender\u00e0 regolarmente il 2 settembre (luned\u00ec 1 settembre gli Uffici saranno chiusi in occasione del Labour Day). Ci scusiamo per il disagio.","protected":false},"author":6,"featured_media":7884,"comment_status":"closed","ping_status":"closed","sticky":false,"template":"","format":"standard","meta":{"footnotes":""},"tags":[],"class_list":["post-7921","post","type-post","status-publish","format-standard","has-post-thumbnail","hentry"],"_links":{"self":[{"href":"https:\/\/constoronto.esteri.it\/it\/wp-json\/wp\/v2\/posts\/7921","targetHints":{"allow":["GET"]}}],"collection":[{"href":"https:\/\/constoronto.esteri.it\/it\/wp-json\/wp\/v2\/posts"}],"about":[{"href":"https:\/\/constoronto.esteri.it\/it\/wp-json\/wp\/v2\/types\/post"}],"author":[{"embeddable":true,"href":"https:\/\/constoronto.esteri.it\/it\/wp-json\/wp\/v2\/users\/6"}],"replies":[{"embeddable":true,"href":"https:\/\/constoronto.esteri.it\/it\/wp-json\/wp\/v2\/comments?post=7921"}],"version-history":[{"count":1,"href":"https:\/\/constoronto.esteri.it\/it\/wp-json\/wp\/v2\/posts\/7921\/revisions"}],"predecessor-version":[{"id":7923,"href":"https:\/\/constoronto.esteri.it\/it\/wp-json\/wp\/v2\/posts\/7921\/revisions\/7923"}],"wp:featuredmedia":[{"embeddable":true,"href":"https:\/\/constoronto.esteri.it\/it\/wp-json\/wp\/v2\/media\/7884"}],"wp:attachment":[{"href":"https:\/\/constoronto.esteri.it\/it\/wp-json\/wp\/v2\/media?parent=7921"}],"wp:term":[{"taxonomy":"post_tag","embeddable":true,"href":"https:\/\/constoronto.esteri.it\/it\/wp-json\/wp\/v2\/tags?post=7921"}],"curies":[{"name":"wp","href":"https:\/\/api.w.org\/{rel}","templated":true}]}}