{"id":1485,"date":"2017-10-19T15:53:41","date_gmt":"2017-10-19T13:53:41","guid":{"rendered":"https:\/\/constoronto.esteri.it\/news\/dal_consolato\/2017\/10\/la-presidente-della-camera-dei\/"},"modified":"2017-10-19T15:53:41","modified_gmt":"2017-10-19T13:53:41","slug":"la-presidente-della-camera-dei","status":"publish","type":"post","link":"https:\/\/constoronto.esteri.it\/it\/news\/dal_consolato\/2017\/10\/la-presidente-della-camera-dei\/","title":{"rendered":"La presidente della Camera dei Deputati, On. Laura Boldrini, in visita ufficiale in Canada"},"content":{"rendered":"<p>La Presidente della Camera dei Deputati, On. Laura Boldrini, giunge oggi a Toronto come prima tappa della visita ufficiale in Canada. Durante la sua permanenza, la Presidente incontrer\u00e0 la comunit\u00e0 italiana e italo-canadese presso il Municipio di Vaughan e visiter\u00e0 il COSTI.<\/p>\n<p>\u00a0<\/p>\n<p>\u00a0<\/p>\n<p><a href=\"https:\/\/www.vaughan.ca\/news\/Pages\/Mayor-Bevilacqua-presents-first-official-Key-to-the-City-.aspx\"><em>Hon. Laura Boldrini, President of Italy&#8217;s Chamber of Deputies, receives inaugural recognition at City Hall in Vaughn<\/em><\/a>.<\/p>\n<p>\u00a0<\/p>\n<p><strong>GALLERIA FOTO<\/strong><\/p>\n<p>\u00a0<\/p>\n<p><img decoding=\"async\" src=\"resource\/img\/2017\/10\/laura_boldrini_photos-4.jpg\" alt=\"laura boldrini photos 4\" \/><\/p>\n<p><img decoding=\"async\" src=\"resource\/img\/2017\/10\/laura_boldrini_photos-8.jpg\" alt=\"laura boldrini photos 8\" \/><\/p>\n<p><img decoding=\"async\" src=\"resource\/img\/2017\/10\/laura_boldrini_photos-10.jpg\" alt=\"laura boldrini photos 10\" \/><\/p>\n<p><img decoding=\"async\" src=\"resource\/img\/2017\/10\/laura_boldrini_photos-14.jpg\" alt=\"laura boldrini photos 14\" \/><\/p>\n<p><img decoding=\"async\" src=\"resource\/img\/2017\/10\/laura_boldrini_photos-20.jpg\" alt=\"laura boldrini photos 20\" \/><\/p>\n<p><img decoding=\"async\" src=\"resource\/img\/2017\/10\/laura_boldrini_photos-23.jpg\" alt=\"laura boldrini photos 23\" \/><\/p>\n<p><img decoding=\"async\" src=\"resource\/img\/2017\/10\/laura_boldrini_photos-25.jpg\" alt=\"laura boldrini photos 25\" \/><\/p>\n<p><img decoding=\"async\" src=\"resource\/img\/2017\/10\/laura_boldrini_photos-31.jpg\" alt=\"laura boldrini photos 31\" \/><\/p>\n<p><img decoding=\"async\" src=\"resource\/img\/2017\/10\/laura_boldrini_photos-38.jpg\" alt=\"laura boldrini photos 38\" \/><\/p>\n<p><img decoding=\"async\" src=\"resource\/img\/2017\/10\/laura_boldrini_photos-51.jpg\" alt=\"laura boldrini photos 51\" \/><\/p>\n<p><img decoding=\"async\" src=\"resource\/img\/2017\/10\/laura_boldrini_photos-54.jpg\" alt=\"laura boldrini photos 54\" \/><\/p>\n<p><img decoding=\"async\" src=\"resource\/img\/2017\/10\/laura_boldrini_photos-60.jpg\" alt=\"laura boldrini photos 60\" \/><\/p>\n<p><img decoding=\"async\" src=\"resource\/img\/2017\/10\/laura_boldrini_photos-62.jpg\" alt=\"laura boldrini photos 62\" \/><\/p>\n<p><img decoding=\"async\" src=\"resource\/img\/2017\/10\/laura_boldrini_photos-63.jpg\" alt=\"laura boldrini photos 63\" \/><\/p>\n<p><img decoding=\"async\" src=\"resource\/img\/2017\/10\/laura_boldrini_photos-67.jpg\" alt=\"laura boldrini photos 67\" \/><\/p>\n<p><img decoding=\"async\" src=\"resource\/img\/2017\/10\/laura_boldrini_photos-68.jpg\" alt=\"laura boldrini photos 68\" \/><\/p>\n<p><img decoding=\"async\" src=\"resource\/img\/2017\/10\/laura_boldrini_photos-78.jpg\" alt=\"laura boldrini photos 78\" \/><\/p>\n<p><img decoding=\"async\" src=\"resource\/img\/2017\/10\/laura_boldrini_photos-86.jpg\" alt=\"laura boldrini photos 86\" \/><\/p>\n<p><img decoding=\"async\" src=\"resource\/img\/2017\/10\/laura_boldrini_photos-109.jpg\" alt=\"laura boldrini photos 109\" \/><\/p>\n<p><img decoding=\"async\" src=\"resource\/img\/2017\/10\/laura_boldrini_photos-122.jpg\" alt=\"laura boldrini photos 122\" \/><\/p>\n<p><img decoding=\"async\" src=\"resource\/img\/2017\/10\/laura_boldrini_photos-127.jpg\" alt=\"laura boldrini photos 127\" \/><\/p>\n<p><img decoding=\"async\" src=\"resource\/img\/2017\/10\/laura_boldrini_photos-192.jpg\" alt=\"laura boldrini photos 192\" \/><\/p>\n<p><img decoding=\"async\" src=\"resource\/img\/2017\/10\/laura_boldrini_photos-195.jpg\" alt=\"laura boldrini photos 195\" \/><\/p>\n<p><img decoding=\"async\" src=\"resource\/img\/2017\/10\/laura_boldrini_photos-199.jpg\" alt=\"laura boldrini photos 199\" \/><\/p>\n<p><img decoding=\"async\" src=\"resource\/img\/2017\/10\/laura_boldrini_photos-209.jpg\" alt=\"laura boldrini photos 209\" \/><\/p>\n<p><img decoding=\"async\" src=\"resource\/img\/2017\/10\/laura_boldrini_photos-210.jpg\" alt=\"laura boldrini photos 210\" \/><\/p>\n<p><img decoding=\"async\" src=\"resource\/img\/2017\/10\/laura_boldrini_photos-213.jpg\" alt=\"laura boldrini photos 213\" \/><\/p>\n<p><img decoding=\"async\" src=\"resource\/img\/2017\/10\/laura_boldrini_photos-223.jpg\" alt=\"laura boldrini photos 223\" \/><\/p>\n<p><img decoding=\"async\" src=\"resource\/img\/2017\/10\/laura_boldrini_photos-230.jpg\" alt=\"laura boldrini photos 230\" \/><\/p>\n<p><img decoding=\"async\" src=\"resource\/img\/2017\/10\/laura_boldrini_photos-131.jpg\" alt=\"laura boldrini photos 131\" \/><\/p>\n<p><img decoding=\"async\" src=\"resource\/img\/2017\/10\/laura_boldrini_photos-136.jpg\" alt=\"laura boldrini photos 136\" \/><\/p>\n<p>\u00a0<\/p>\n","protected":false},"excerpt":{"rendered":"La Presidente della Camera dei Deputati, On. Laura Boldrini, giunge oggi a Toronto come prima tappa della visita ufficiale in Canada. Durante la sua permanenza, la Presidente incontrer\u00e0 la comunit\u00e0 italiana e italo-canadese presso il Municipio di Vaughan e visiter\u00e0 il COSTI. \u00a0 \u00a0 Hon. Laura Boldrini, President of Italy&#8217;s Chamber of Deputies, receives inaugural [&hellip;]","protected":false},"author":1,"featured_media":0,"comment_status":"","ping_status":"","sticky":false,"template":"","format":"standard","meta":{"footnotes":""},"tags":[29],"class_list":["post-1485","post","type-post","status-publish","format-standard","hentry","tag-n"],"_links":{"self":[{"href":"https:\/\/constoronto.esteri.it\/it\/wp-json\/wp\/v2\/posts\/1485","targetHints":{"allow":["GET"]}}],"collection":[{"href":"https:\/\/constoronto.esteri.it\/it\/wp-json\/wp\/v2\/posts"}],"about":[{"href":"https:\/\/constoronto.esteri.it\/it\/wp-json\/wp\/v2\/types\/post"}],"author":[{"embeddable":true,"href":"https:\/\/constoronto.esteri.it\/it\/wp-json\/wp\/v2\/users\/1"}],"replies":[{"embeddable":true,"href":"https:\/\/constoronto.esteri.it\/it\/wp-json\/wp\/v2\/comments?post=1485"}],"version-history":[{"count":0,"href":"https:\/\/constoronto.esteri.it\/it\/wp-json\/wp\/v2\/posts\/1485\/revisions"}],"wp:attachment":[{"href":"https:\/\/constoronto.esteri.it\/it\/wp-json\/wp\/v2\/media?parent=1485"}],"wp:term":[{"taxonomy":"post_tag","embeddable":true,"href":"https:\/\/constoronto.esteri.it\/it\/wp-json\/wp\/v2\/tags?post=1485"}],"curies":[{"name":"wp","href":"https:\/\/api.w.org\/{rel}","templated":true}]}}