{"id":1444,"date":"2018-06-19T21:12:29","date_gmt":"2018-06-19T19:12:29","guid":{"rendered":"https:\/\/constoronto.esteri.it\/news\/dal_consolato\/2018\/06\/esposizione-opera-d-arte-la-giovane\/"},"modified":"2018-06-19T21:12:29","modified_gmt":"2018-06-19T19:12:29","slug":"esposizione-opera-d-arte-la-giovane","status":"publish","type":"post","link":"https:\/\/constoronto.esteri.it\/it\/news\/dal_consolato\/2018\/06\/esposizione-opera-d-arte-la-giovane\/","title":{"rendered":"Esposizione opera d\u2019arte \u201cLa Giovane Contadina\u201d di Giuseppe Bonito"},"content":{"rendered":"<p style=\"text-align: justify;\">Presso l\u2019Istituto Italiano di Cultura \u00e8 stata inaugurata la mostra dell\u2019opera \u201cLa Giovane Contadina\u201d, del maestro napoletano Giuseppe Bonito, in prestito dalla Pinacoteca Camillo D\u2019Errico di Palazzo San Gervasio, vicino Matera. La preziosa tela rimarr\u00e0 in esposizione sino al 12 luglio e far\u00e0 anche da sfondo ad attivit\u00e0 di promozione di Matera 2019 &#8211; Capitale Europea della Cultura.<\/p>\n<p>Per il video della manifestazione, <a href=\"https:\/\/www.youtube.com\/user\/IICCulturalToronto\"><strong>clicca qui<\/strong><\/a>.<\/p>\n","protected":false},"excerpt":{"rendered":"Presso l\u2019Istituto Italiano di Cultura \u00e8 stata inaugurata la mostra dell\u2019opera \u201cLa Giovane Contadina\u201d, del maestro napoletano Giuseppe Bonito, in prestito dalla Pinacoteca Camillo D\u2019Errico di Palazzo San Gervasio, vicino Matera. La preziosa tela rimarr\u00e0 in esposizione sino al 12 luglio e far\u00e0 anche da sfondo ad attivit\u00e0 di promozione di Matera 2019 &#8211; Capitale [&hellip;]","protected":false},"author":1,"featured_media":0,"comment_status":"","ping_status":"","sticky":false,"template":"","format":"standard","meta":{"footnotes":""},"tags":[29],"class_list":["post-1444","post","type-post","status-publish","format-standard","hentry","tag-n"],"_links":{"self":[{"href":"https:\/\/constoronto.esteri.it\/it\/wp-json\/wp\/v2\/posts\/1444","targetHints":{"allow":["GET"]}}],"collection":[{"href":"https:\/\/constoronto.esteri.it\/it\/wp-json\/wp\/v2\/posts"}],"about":[{"href":"https:\/\/constoronto.esteri.it\/it\/wp-json\/wp\/v2\/types\/post"}],"author":[{"embeddable":true,"href":"https:\/\/constoronto.esteri.it\/it\/wp-json\/wp\/v2\/users\/1"}],"replies":[{"embeddable":true,"href":"https:\/\/constoronto.esteri.it\/it\/wp-json\/wp\/v2\/comments?post=1444"}],"version-history":[{"count":0,"href":"https:\/\/constoronto.esteri.it\/it\/wp-json\/wp\/v2\/posts\/1444\/revisions"}],"wp:attachment":[{"href":"https:\/\/constoronto.esteri.it\/it\/wp-json\/wp\/v2\/media?parent=1444"}],"wp:term":[{"taxonomy":"post_tag","embeddable":true,"href":"https:\/\/constoronto.esteri.it\/it\/wp-json\/wp\/v2\/tags?post=1444"}],"curies":[{"name":"wp","href":"https:\/\/api.w.org\/{rel}","templated":true}]}}